{"id":18330,"date":"2023-09-15T14:31:20","date_gmt":"2023-09-15T12:31:20","guid":{"rendered":"https:\/\/www.digitalizeflanders.be\/?post_type=news&#038;p=18329"},"modified":"2023-09-26T15:23:20","modified_gmt":"2023-09-26T13:23:20","slug":"parlons-ensemble-de-la-transformation-numerique","status":"publish","type":"news","link":"https:\/\/www.digitalizeflanders.be\/en\/news\/parlons-ensemble-de-la-transformation-numerique\/","title":{"rendered":"Parlons ensemble de la transformation num\u00e9rique"},"content":{"rendered":"<p>Les conf\u00e9rences Cefora au Digitalize Namur<br \/>\nLes solutions num\u00e9riques sont devenues des alli\u00e9es incontournables de notre quotidien.<br \/>\nMais comment s\u2019y retrouver face \u00e0 une telle abondance de produits ?<br \/>\nComment choisir les applications qui conviennent au mieux \u00e0 votre entreprise et \u00e0 vos activit\u00e9s ?<br \/>\nComment s\u00e9curiser vos donn\u00e9es ? \u2026<\/p>\n<p>Digitalize Namur vous aiguillera \u00e0 travers les diff\u00e9rents aspects de la transformation num\u00e9riques<br \/>\net nous vous accompagnerions pour trouver des solutions sp\u00e9cifiques \u00e0 vos activit\u00e9s.<\/p>\n<p>D\u00e9couvrez nos orateurs:<\/p>\n<p>Oliver Lambert &#8211; directeur de Cefora<br \/>\nBeno\u00eet De Vriese &#8211; formateur &#038; Consultant freelance<br \/>\nJeremy Corman &#8211; fondateur de l\u2019agence Marketing Makers<br \/>\nGilles Kartheuser &#8211; fondateur de la soci\u00e9t\u00e9 Improofsolutions<\/p>\n","protected":false},"excerpt":{"rendered":"<p>La transformation num\u00e9rique est un d\u00e9fi \u00e0 plusieurs niveaux pour une majorit\u00e9 d\u2019entreprises. C\u2019est pour cela que nous vous proposons plusieurs conf\u00e9rences durant cette \u00e9dition du Digitalize Namur.<\/p>\n","protected":false},"featured_media":0,"template":"","meta":{"_seopress_robots_primary_cat":"","_seopress_titles_title":"","_seopress_titles_desc":"","_seopress_robots_index":"","_api_id":"38477","_exhibitors":["18324"],"footnotes":""},"edition":[324],"country":[],"class_list":["post-18330","news","type-news","status-publish","hentry","edition-digitalize-flanders-2023"],"_links":{"self":[{"href":"https:\/\/www.digitalizeflanders.be\/en\/wp-json\/wp\/v2\/news\/18330","targetHints":{"allow":["GET"]}}],"collection":[{"href":"https:\/\/www.digitalizeflanders.be\/en\/wp-json\/wp\/v2\/news"}],"about":[{"href":"https:\/\/www.digitalizeflanders.be\/en\/wp-json\/wp\/v2\/types\/news"}],"version-history":[{"count":1,"href":"https:\/\/www.digitalizeflanders.be\/en\/wp-json\/wp\/v2\/news\/18330\/revisions"}],"predecessor-version":[{"id":20934,"href":"https:\/\/www.digitalizeflanders.be\/en\/wp-json\/wp\/v2\/news\/18330\/revisions\/20934"}],"wp:attachment":[{"href":"https:\/\/www.digitalizeflanders.be\/en\/wp-json\/wp\/v2\/media?parent=18330"}],"wp:term":[{"taxonomy":"edition","embeddable":true,"href":"https:\/\/www.digitalizeflanders.be\/en\/wp-json\/wp\/v2\/edition?post=18330"},{"taxonomy":"country","embeddable":true,"href":"https:\/\/www.digitalizeflanders.be\/en\/wp-json\/wp\/v2\/country?post=18330"}],"curies":[{"name":"wp","href":"https:\/\/api.w.org\/{rel}","templated":true}]}}